{"id":4537,"date":"2026-04-27T18:07:44","date_gmt":"2026-04-27T18:07:44","guid":{"rendered":"https:\/\/www.fco68.de\/?p=4537"},"modified":"2026-04-27T18:07:44","modified_gmt":"2026-04-27T18:07:44","slug":"tsv-barlt-fc-offenbuettel-21-01","status":"publish","type":"post","link":"https:\/\/www.fco68.de\/?p=4537","title":{"rendered":"TSV Barlt\u00a0 &#8211;\u00a0 FC Offenb\u00fcttel\u00a0 2:1\u00a0 (0:1)"},"content":{"rendered":"\n<p><\/p>\n\n\n\n<p>Nach zuletzt drei Heimsiegen in Folge zeigte sich ausw\u00e4rts ein anderes Bild: Zwei Niederlagen mit einem Torverh\u00e4ltnis von 2:9 lie\u00dfen wenig Spielraum f\u00fcr Optimismus. Und auch an diesem Wochenende wartete mit dem Tabellendritten eine alles andere als leichte Aufgabe. Die personelle Lage spitzte sich zus\u00e4tzlich zu \u2013 aus Mannschaftskreisen war sogar zu h\u00f6ren: \u201eSo eine riesige Ausfallliste habe ich noch nie gesehen.\u201c Umso wichtiger war es, dass wir kurzfristig Karsten Wittek f\u00fcr den Kader gewinnen konnten und auch Niels Schomacker sich bereit erkl\u00e4rte, auf der Bank Platz zu nehmen. Dennoch erwischten wir einen starken Start in die Partie. Barlt versuchte fr\u00fch, das Spiel an sich zu rei\u00dfen, agierte dabei aber \u00fcberwiegend mit langen B\u00e4llen. Unsere Defensive war hellwach und fing diese Versuche konsequent ab. Gef\u00e4hrlich wurde es vor allem \u00fcber die linke Seite der Gastgeber, wo Paul immer wieder in Unterzahl-situationen geriet. Mit gro\u00dfem Einsatz konnte er vieles kl\u00e4ren, auch wenn er in einigen Szenen das Nachsehen hatte. Gl\u00fccklicherweise fanden die Hereingaben von Barlt in der Mitte keinen Abnehmer. Offensiv \u00fcberzeugten wir vor allem durch unsere F\u00e4higkeit, uns spielerisch aus Drucksituationen zu befreien und zweite B\u00e4lle zu gewinnen. Bei unseren Kontern hatte Barlt merklich Probleme \u2013 so auch beim F\u00fchrungstreffer: Nils konnte am Strafraum nur durch ein Foul gestoppt werden. Den folgenden Freisto\u00df brachte <strong>Jeppe<\/strong> nach mehreren missgl\u00fcckten Kl\u00e4rungsversuchen im Tor unter. In der Folge versuchte Barlt zwar, den Druck zu erh\u00f6hen, kam aber meist nur zu ungef\u00e4hrlichen Distanzsch\u00fcssen. Einmal hatten wir allerdings Gl\u00fcck, als H\u00e4rtel aus kurzer Distanz nur die Latte traf. Nach der Pause mussten wir verletzungsbedingt Nils vom Feld nehmen, Karsten r\u00fcckte f\u00fcr ihn ins Spiel und wir stellten taktisch etwas um. Diese Ver\u00e4nderung brachte jedoch einen Bruch in unser Spiel. Barlt erh\u00f6hte nun den Druck deutlich, w\u00e4hrend wir kaum noch Entlastung schaffen konnten. Statt spielerischer L\u00f6sungen griffen wir vermehrt zu langen B\u00e4llen, die jedoch meist umgehend beim Gegner landeten. Der Ausgleich fiel dann \u00e4u\u00dferst ungl\u00fccklich: Eine Flanke kl\u00e4rte Lars ungewollt ins eigene Tor, wobei Joschi in dieser Situation \u00fcberrascht wurde und nicht mehr eingreifen konnte. Der Treffer gab Barlt zus\u00e4tzlichen Auftrieb, und wenig sp\u00e4ter folgte das 2:1. Nach einem langen Ball auf die linke Seite geriet Paul erneut in eine Unterzahlsituation, am Ende landete der Ball bei T\u00f6rber, der frei vor Joschi eiskalt vollendete. Erst danach fanden wir langsam wieder besser ins Spiel. Emil scheiterte nach einem starken Zuspiel von Jeppe am Torwart, und auch eine Hereingabe von Klemens wurde in letzter Sekunde gekl\u00e4rt. Letztlich brachte Barlt die F\u00fchrung \u00fcber die Zeit, sodass wir auch im dritten Ausw\u00e4rtsspiel in Folge ohne Punkt blieben.<\/p>\n\n\n\n<p>Am Ende steht eine Niederlage, die aufgrund der gr\u00f6\u00dferen Spielanteile f\u00fcr Barlt nicht unverdient erscheint. Dennoch haben wir \u00fcber weite Strecken robust verteidigt und nur wenig zugelassen. Umso bitterer ist es, dass die Gegentore auf so ungl\u00fcckliche Weise fielen. Trotz allem richten wir den Blick nach vorn und freuen uns auf das kommende Heimspiel beim Maifeuer, wenn wir die SG Eider\/Pahlen II empfangen und wieder an unsere Heimst\u00e4rke ankn\u00fcpfen wollen.&nbsp;&nbsp;&nbsp;&nbsp;&nbsp;&nbsp;&nbsp;&nbsp;&nbsp;&nbsp;&nbsp;&nbsp;&nbsp;&nbsp;&nbsp;&nbsp;&nbsp;&nbsp;&nbsp;&nbsp;&nbsp;&nbsp;&nbsp;&nbsp;&nbsp;&nbsp;&nbsp; &nbsp;<strong>Bericht: Klemens Kr\u00fcger<\/strong><\/p>\n\n\n\n<p>Aufstellung: Rohwedder \u2013 Janns, Wandmaker, Arp, Boie \u2013 Domscheid, Kr\u00fcger \u2013 Rahnfeld, Vo\u00df, Konnowski (56. Wittek) \u2013 N. T\u00f6dter<\/p>\n","protected":false},"excerpt":{"rendered":"<p>Nach zuletzt drei Heimsiegen in Folge zeigte sich ausw\u00e4rts ein anderes Bild: Zwei Niederlagen mit einem Torverh\u00e4ltnis von 2:9 lie\u00dfen wenig Spielraum f\u00fcr Optimismus. Und auch an diesem Wochenende wartete mit dem Tabellendritten eine alles andere als leichte Aufgabe. Die personelle Lage spitzte sich zus\u00e4tzlich zu \u2013 aus Mannschaftskreisen war sogar zu h\u00f6ren: \u201eSo eine &hellip; <a href=\"https:\/\/www.fco68.de\/?p=4537\" class=\"more-link\"><span class=\"screen-reader-text\">\u201eTSV Barlt\u00a0 &#8211;\u00a0 FC Offenb\u00fcttel\u00a0 2:1\u00a0 (0:1)\u201c <\/span>weiterlesen<\/a><\/p>\n","protected":false},"author":2,"featured_media":0,"comment_status":"closed","ping_status":"closed","sticky":false,"template":"","format":"standard","meta":{"footnotes":""},"categories":[1],"tags":[],"class_list":["post-4537","post","type-post","status-publish","format-standard","hentry","category-uncategorized"],"_links":{"self":[{"href":"https:\/\/www.fco68.de\/index.php?rest_route=\/wp\/v2\/posts\/4537","targetHints":{"allow":["GET"]}}],"collection":[{"href":"https:\/\/www.fco68.de\/index.php?rest_route=\/wp\/v2\/posts"}],"about":[{"href":"https:\/\/www.fco68.de\/index.php?rest_route=\/wp\/v2\/types\/post"}],"author":[{"embeddable":true,"href":"https:\/\/www.fco68.de\/index.php?rest_route=\/wp\/v2\/users\/2"}],"replies":[{"embeddable":true,"href":"https:\/\/www.fco68.de\/index.php?rest_route=%2Fwp%2Fv2%2Fcomments&post=4537"}],"version-history":[{"count":2,"href":"https:\/\/www.fco68.de\/index.php?rest_route=\/wp\/v2\/posts\/4537\/revisions"}],"predecessor-version":[{"id":4539,"href":"https:\/\/www.fco68.de\/index.php?rest_route=\/wp\/v2\/posts\/4537\/revisions\/4539"}],"wp:attachment":[{"href":"https:\/\/www.fco68.de\/index.php?rest_route=%2Fwp%2Fv2%2Fmedia&parent=4537"}],"wp:term":[{"taxonomy":"category","embeddable":true,"href":"https:\/\/www.fco68.de\/index.php?rest_route=%2Fwp%2Fv2%2Fcategories&post=4537"},{"taxonomy":"post_tag","embeddable":true,"href":"https:\/\/www.fco68.de\/index.php?rest_route=%2Fwp%2Fv2%2Ftags&post=4537"}],"curies":[{"name":"wp","href":"https:\/\/api.w.org\/{rel}","templated":true}]}}