{"id":4528,"date":"2026-04-26T13:01:26","date_gmt":"2026-04-26T13:01:26","guid":{"rendered":"https:\/\/www.fco68.de\/?p=4528"},"modified":"2026-04-26T13:01:26","modified_gmt":"2026-04-26T13:01:26","slug":"neue-aufwaermpullover-fuer-die-a-jugend-der-kickers-eider-sg","status":"publish","type":"post","link":"https:\/\/www.fco68.de\/?p=4528","title":{"rendered":"Neue Aufw\u00e4rmpullover f\u00fcr die A-Jugend der Kickers Eider SG."},"content":{"rendered":"\n<figure class=\"wp-block-image size-large\"><img loading=\"lazy\" decoding=\"async\" width=\"1024\" height=\"459\" src=\"https:\/\/www.fco68.de\/wp-content\/uploads\/2026\/04\/image-1-1024x459.png\" alt=\"\" class=\"wp-image-4529\" srcset=\"https:\/\/www.fco68.de\/wp-content\/uploads\/2026\/04\/image-1-1024x459.png 1024w, https:\/\/www.fco68.de\/wp-content\/uploads\/2026\/04\/image-1-300x134.png 300w, https:\/\/www.fco68.de\/wp-content\/uploads\/2026\/04\/image-1-768x344.png 768w, https:\/\/www.fco68.de\/wp-content\/uploads\/2026\/04\/image-1.png 1179w\" sizes=\"auto, (max-width: 709px) 85vw, (max-width: 909px) 67vw, (max-width: 1362px) 62vw, 840px\" \/><\/figure>\n\n\n\n<p><\/p>\n\n\n\n<p>Dank der Unterst\u00fctzung des F\u00f6rdervereins Wrohm konnten wir unsere neuen Aufw\u00e4rmpullis f\u00fcr die A-Jugend anschaffen.<\/p>\n\n\n\n<p>Jetzt treten wir nicht nur sportlich, sondern auch optisch als echte Einheit auf.<\/p>\n\n\n\n<p>Das st\u00e4rkt unseren Teamgeist und sorgt f\u00fcr ein geschlossenes Auftreten auf und neben dem Platz.<\/p>\n\n\n\n<p>Wir wissen euren Einsatz f\u00fcr den Jugendfu\u00dfball sehr zu sch\u00e4tzen.<\/p>\n\n\n\n<p>Ein herzliches Dankesch\u00f6n im Namen der Trainer und allen Verantwortlichen der Kickers Eider SG&#x26bd;&#xfe0f;&#x26bd;&#xfe0f;<\/p>\n\n\n\n<p>Mit freundlichem Gru\u00df<\/p>\n\n\n\n<p>Niels Burger<\/p>\n\n\n\n<p><\/p>\n","protected":false},"excerpt":{"rendered":"<p>Dank der Unterst\u00fctzung des F\u00f6rdervereins Wrohm konnten wir unsere neuen Aufw\u00e4rmpullis f\u00fcr die A-Jugend anschaffen. Jetzt treten wir nicht nur sportlich, sondern auch optisch als echte Einheit auf. Das st\u00e4rkt unseren Teamgeist und sorgt f\u00fcr ein geschlossenes Auftreten auf und neben dem Platz. Wir wissen euren Einsatz f\u00fcr den Jugendfu\u00dfball sehr zu sch\u00e4tzen. Ein herzliches &hellip; <a href=\"https:\/\/www.fco68.de\/?p=4528\" class=\"more-link\"><span class=\"screen-reader-text\">\u201eNeue Aufw\u00e4rmpullover f\u00fcr die A-Jugend der Kickers Eider SG.\u201c <\/span>weiterlesen<\/a><\/p>\n","protected":false},"author":2,"featured_media":0,"comment_status":"closed","ping_status":"closed","sticky":false,"template":"","format":"standard","meta":{"footnotes":""},"categories":[1],"tags":[],"class_list":["post-4528","post","type-post","status-publish","format-standard","hentry","category-uncategorized"],"_links":{"self":[{"href":"https:\/\/www.fco68.de\/index.php?rest_route=\/wp\/v2\/posts\/4528","targetHints":{"allow":["GET"]}}],"collection":[{"href":"https:\/\/www.fco68.de\/index.php?rest_route=\/wp\/v2\/posts"}],"about":[{"href":"https:\/\/www.fco68.de\/index.php?rest_route=\/wp\/v2\/types\/post"}],"author":[{"embeddable":true,"href":"https:\/\/www.fco68.de\/index.php?rest_route=\/wp\/v2\/users\/2"}],"replies":[{"embeddable":true,"href":"https:\/\/www.fco68.de\/index.php?rest_route=%2Fwp%2Fv2%2Fcomments&post=4528"}],"version-history":[{"count":1,"href":"https:\/\/www.fco68.de\/index.php?rest_route=\/wp\/v2\/posts\/4528\/revisions"}],"predecessor-version":[{"id":4530,"href":"https:\/\/www.fco68.de\/index.php?rest_route=\/wp\/v2\/posts\/4528\/revisions\/4530"}],"wp:attachment":[{"href":"https:\/\/www.fco68.de\/index.php?rest_route=%2Fwp%2Fv2%2Fmedia&parent=4528"}],"wp:term":[{"taxonomy":"category","embeddable":true,"href":"https:\/\/www.fco68.de\/index.php?rest_route=%2Fwp%2Fv2%2Fcategories&post=4528"},{"taxonomy":"post_tag","embeddable":true,"href":"https:\/\/www.fco68.de\/index.php?rest_route=%2Fwp%2Fv2%2Ftags&post=4528"}],"curies":[{"name":"wp","href":"https:\/\/api.w.org\/{rel}","templated":true}]}}