{"id":4182,"date":"2024-05-31T17:23:11","date_gmt":"2024-05-31T17:23:11","guid":{"rendered":"https:\/\/www.fco68.de\/?p=4182"},"modified":"2024-05-31T17:23:11","modified_gmt":"2024-05-31T17:23:11","slug":"c-2-jugend","status":"publish","type":"post","link":"https:\/\/www.fco68.de\/?p=4182","title":{"rendered":"C 2 &#8211; Jugend"},"content":{"rendered":"\n<figure class=\"wp-block-image size-large\"><img loading=\"lazy\" decoding=\"async\" width=\"1024\" height=\"418\" src=\"https:\/\/www.fco68.de\/wp-content\/uploads\/2024\/05\/image-1024x418.png\" alt=\"\" class=\"wp-image-4183\" srcset=\"https:\/\/www.fco68.de\/wp-content\/uploads\/2024\/05\/image-1024x418.png 1024w, https:\/\/www.fco68.de\/wp-content\/uploads\/2024\/05\/image-300x122.png 300w, https:\/\/www.fco68.de\/wp-content\/uploads\/2024\/05\/image-768x313.png 768w, https:\/\/www.fco68.de\/wp-content\/uploads\/2024\/05\/image.png 1091w\" sizes=\"auto, (max-width: 709px) 85vw, (max-width: 909px) 67vw, (max-width: 1362px) 62vw, 840px\" \/><\/figure>\n\n\n\n<p><strong>+++ Neue Aufw\u00e4rmpullover\u00a0f\u00fcr unsere C 2 &#8211; Jugend +++<\/strong><\/p>\n\n\n\n<p><strong>Die Spielerinnen und Spieler unserer C 2-Jugend der Kickers Eider freuen sich riesig \u00fcber die neuen Aufw\u00e4rmpullover,<\/strong><\/p>\n\n\n\n<p><strong>die von NordWatt Elektrotechnik gesponsert wurden. Nun k\u00f6nnen die n\u00e4chsten Spiele kommen.<\/strong><\/p>\n\n\n\n<p><strong>Als Dankesch\u00f6n \u00fcberreichten wir einen lecker gef\u00fcllten Pr\u00e4sentkorb an den Gesch\u00e4ftsf\u00fchrer Lars Reiher.<\/strong><\/p>\n\n\n\n<p><strong>Ein herzlicher Dank im Namen der Kicker, des Trainerteams und aller Verantwortlichen der Spielgemeinschaft f\u00fcr die Unterst\u00fctzung! <\/strong><strong><\/strong><strong><\/strong><\/p>\n\n\n\n<p><strong>Mit sportlichem Gru\u00df<\/strong><\/p>\n\n\n\n<p><strong>Niels Burger<\/strong><\/p>\n\n\n\n<p><strong>SV Holstein Pahlen \/ Kickers Eider SG<\/strong><strong><\/strong><\/p>\n","protected":false},"excerpt":{"rendered":"<p>+++ Neue Aufw\u00e4rmpullover\u00a0f\u00fcr unsere C 2 &#8211; Jugend +++ Die Spielerinnen und Spieler unserer C 2-Jugend der Kickers Eider freuen sich riesig \u00fcber die neuen Aufw\u00e4rmpullover, die von NordWatt Elektrotechnik gesponsert wurden. Nun k\u00f6nnen die n\u00e4chsten Spiele kommen. Als Dankesch\u00f6n \u00fcberreichten wir einen lecker gef\u00fcllten Pr\u00e4sentkorb an den Gesch\u00e4ftsf\u00fchrer Lars Reiher. Ein herzlicher Dank im &hellip; <a href=\"https:\/\/www.fco68.de\/?p=4182\" class=\"more-link\"><span class=\"screen-reader-text\">\u201eC 2 &#8211; Jugend\u201c <\/span>weiterlesen<\/a><\/p>\n","protected":false},"author":2,"featured_media":0,"comment_status":"closed","ping_status":"closed","sticky":false,"template":"","format":"standard","meta":{"footnotes":""},"categories":[1],"tags":[],"class_list":["post-4182","post","type-post","status-publish","format-standard","hentry","category-uncategorized"],"_links":{"self":[{"href":"https:\/\/www.fco68.de\/index.php?rest_route=\/wp\/v2\/posts\/4182","targetHints":{"allow":["GET"]}}],"collection":[{"href":"https:\/\/www.fco68.de\/index.php?rest_route=\/wp\/v2\/posts"}],"about":[{"href":"https:\/\/www.fco68.de\/index.php?rest_route=\/wp\/v2\/types\/post"}],"author":[{"embeddable":true,"href":"https:\/\/www.fco68.de\/index.php?rest_route=\/wp\/v2\/users\/2"}],"replies":[{"embeddable":true,"href":"https:\/\/www.fco68.de\/index.php?rest_route=%2Fwp%2Fv2%2Fcomments&post=4182"}],"version-history":[{"count":1,"href":"https:\/\/www.fco68.de\/index.php?rest_route=\/wp\/v2\/posts\/4182\/revisions"}],"predecessor-version":[{"id":4184,"href":"https:\/\/www.fco68.de\/index.php?rest_route=\/wp\/v2\/posts\/4182\/revisions\/4184"}],"wp:attachment":[{"href":"https:\/\/www.fco68.de\/index.php?rest_route=%2Fwp%2Fv2%2Fmedia&parent=4182"}],"wp:term":[{"taxonomy":"category","embeddable":true,"href":"https:\/\/www.fco68.de\/index.php?rest_route=%2Fwp%2Fv2%2Fcategories&post=4182"},{"taxonomy":"post_tag","embeddable":true,"href":"https:\/\/www.fco68.de\/index.php?rest_route=%2Fwp%2Fv2%2Ftags&post=4182"}],"curies":[{"name":"wp","href":"https:\/\/api.w.org\/{rel}","templated":true}]}}