{"id":4078,"date":"2024-01-24T15:12:20","date_gmt":"2024-01-24T15:12:20","guid":{"rendered":"https:\/\/fco68.de\/?p=4078"},"modified":"2024-01-24T15:12:20","modified_gmt":"2024-01-24T15:12:20","slug":"neue-trainingsanzuege-fuer-die-d-2-d-3-jugend","status":"publish","type":"post","link":"https:\/\/www.fco68.de\/?p=4078","title":{"rendered":"Neue Trainingsanz\u00fcge f\u00fcr die D 2 &amp; D 3 Jugend"},"content":{"rendered":"\n<p><strong>anbei ein kleine Danksagung + Foto f\u00fcr den Sponsor<\/strong><strong> <\/strong><strong>Blohm Bau, Offenb\u00fcttel f\u00fcr die Webseiten bzw. Vereinszeitungen:<\/strong><\/p>\n\n\n\n<p><strong>+++ Neue Trainingsanz\u00fcge f\u00fcr die D 2 &amp; D 3 Jugend +++<\/strong><\/p>\n\n\n\n<p><strong>Die Jungs und M\u00e4dels unserer D2 und D3 warten schon lange auf einheitliche Trainingsanz\u00fcge. Jetzt freuen sie sich nat\u00fcrlich riesig,<\/strong><\/p>\n\n\n\n<p><strong>dass Ami und Tim Blohm von der Firma Blohm Bau aus Offenb\u00fcttel eben diese gesponsort haben. Die beiden Teams sind im Laufe<\/strong><\/p>\n\n\n\n<p><strong>der Saison auf mittlerweile 30 Spieler\/innen angewachsen, trainieren regelm\u00e4\u00dfig und bereiten dem<\/strong><\/p>\n\n\n\n<p><strong>Trainerteam (Tanja Westermeyer, S\u00f6nke Bornholdt und Holger Thiessen) viel Freude.<\/strong><\/p>\n\n\n\n<p><strong>Die Anz\u00fcge werden sicher noch weiter zum Zusammenhalt der Mannschaft beitragen.<\/strong><\/p>\n\n\n\n<p><strong>Ein herzlicher Dank im Namen der Kicker, des Trainerteams und aller Verantwortlichen der Spielgemeinschaft f\u00fcr die Unterst\u00fctzung!<\/strong><\/p>\n\n\n\n<p><strong>Mit sportlichem Gru\u00df<\/strong><\/p>\n\n\n\n<p><strong>Niels Burger<\/strong><\/p>\n\n\n\n<figure class=\"wp-block-image size-large\"><img loading=\"lazy\" decoding=\"async\" width=\"1024\" height=\"623\" src=\"https:\/\/www.fco68.de\/wp-content\/uploads\/2024\/01\/image-1-1024x623.png\" alt=\"\" class=\"wp-image-4079\" srcset=\"https:\/\/www.fco68.de\/wp-content\/uploads\/2024\/01\/image-1-1024x623.png 1024w, https:\/\/www.fco68.de\/wp-content\/uploads\/2024\/01\/image-1-300x183.png 300w, https:\/\/www.fco68.de\/wp-content\/uploads\/2024\/01\/image-1-768x468.png 768w, https:\/\/www.fco68.de\/wp-content\/uploads\/2024\/01\/image-1-1536x935.png 1536w, https:\/\/www.fco68.de\/wp-content\/uploads\/2024\/01\/image-1-1200x731.png 1200w, https:\/\/www.fco68.de\/wp-content\/uploads\/2024\/01\/image-1.png 1917w\" sizes=\"auto, (max-width: 709px) 85vw, (max-width: 909px) 67vw, (max-width: 1362px) 62vw, 840px\" \/><\/figure>\n","protected":false},"excerpt":{"rendered":"<p>anbei ein kleine Danksagung + Foto f\u00fcr den Sponsor Blohm Bau, Offenb\u00fcttel f\u00fcr die Webseiten bzw. Vereinszeitungen: +++ Neue Trainingsanz\u00fcge f\u00fcr die D 2 &amp; D 3 Jugend +++ Die Jungs und M\u00e4dels unserer D2 und D3 warten schon lange auf einheitliche Trainingsanz\u00fcge. Jetzt freuen sie sich nat\u00fcrlich riesig, dass Ami und Tim Blohm von &hellip; <a href=\"https:\/\/www.fco68.de\/?p=4078\" class=\"more-link\"><span class=\"screen-reader-text\">\u201eNeue Trainingsanz\u00fcge f\u00fcr die D 2 &amp; D 3 Jugend\u201c <\/span>weiterlesen<\/a><\/p>\n","protected":false},"author":2,"featured_media":0,"comment_status":"closed","ping_status":"closed","sticky":false,"template":"","format":"standard","meta":{"footnotes":""},"categories":[1],"tags":[],"class_list":["post-4078","post","type-post","status-publish","format-standard","hentry","category-uncategorized"],"_links":{"self":[{"href":"https:\/\/www.fco68.de\/index.php?rest_route=\/wp\/v2\/posts\/4078","targetHints":{"allow":["GET"]}}],"collection":[{"href":"https:\/\/www.fco68.de\/index.php?rest_route=\/wp\/v2\/posts"}],"about":[{"href":"https:\/\/www.fco68.de\/index.php?rest_route=\/wp\/v2\/types\/post"}],"author":[{"embeddable":true,"href":"https:\/\/www.fco68.de\/index.php?rest_route=\/wp\/v2\/users\/2"}],"replies":[{"embeddable":true,"href":"https:\/\/www.fco68.de\/index.php?rest_route=%2Fwp%2Fv2%2Fcomments&post=4078"}],"version-history":[{"count":1,"href":"https:\/\/www.fco68.de\/index.php?rest_route=\/wp\/v2\/posts\/4078\/revisions"}],"predecessor-version":[{"id":4080,"href":"https:\/\/www.fco68.de\/index.php?rest_route=\/wp\/v2\/posts\/4078\/revisions\/4080"}],"wp:attachment":[{"href":"https:\/\/www.fco68.de\/index.php?rest_route=%2Fwp%2Fv2%2Fmedia&parent=4078"}],"wp:term":[{"taxonomy":"category","embeddable":true,"href":"https:\/\/www.fco68.de\/index.php?rest_route=%2Fwp%2Fv2%2Fcategories&post=4078"},{"taxonomy":"post_tag","embeddable":true,"href":"https:\/\/www.fco68.de\/index.php?rest_route=%2Fwp%2Fv2%2Ftags&post=4078"}],"curies":[{"name":"wp","href":"https:\/\/api.w.org\/{rel}","templated":true}]}}