{"id":2287,"date":"2019-08-10T21:16:33","date_gmt":"2019-08-10T21:16:33","guid":{"rendered":"http:\/\/fco68.de\/?p=2287"},"modified":"2019-08-10T21:16:33","modified_gmt":"2019-08-10T21:16:33","slug":"die-vorbereitung","status":"publish","type":"post","link":"https:\/\/www.fco68.de\/?p=2287","title":{"rendered":"Die Vorbereitung"},"content":{"rendered":"\n<ul class=\"wp-block-list\"><li> <\/li><\/ul>\n\n\n\n<p><\/p>\n\n\n\n<p>Am letzten Juni Wochenende startete Trainer Marc Duchow mit seinen Jungs in die Vorbereitung. Insgesamt war Marc sehr zufrieden mit seinen Spielern, denn bis auf wenige Ausnahmen waren sie mit vollem Eifer dabei. Besonders hat ihm das Intensivwochenende mit 7 Einheiten gefallen, wo alle voll mitzogen. Ein besonderer Dank geht hier an die Tennissparte von Ditmarsia Albersdorf, die ihre Pl\u00e4tze bei schlechtem Wetter f\u00fcr uns zur Verf\u00fcgung stellte. Teilweise gab es auch wieder die Trainingsgemeinschaft mit der Zweiten und das wurde gut angenommen, so dass einmal ein gro\u00dfes Spiel mit 12 gegen 11 stattfinden konnte. Als besonderes Highlight war das Endturnier um den Integrationscup zu sehen, wo wir den f\u00fcnften Platz be-legten und immerhin noch 1.000 \u20ac Preisgeld mitnehmen konnten. Insgesamt wurden f\u00fcnf Vorbereitungsspiele absolviert, allerdings mit m\u00e4-\u00dfigem Erfolg. Bei der SG Neuenkirchen\/Wesseln wurde mit 3:1 verloren(Tor: Wiedemann). Am Intensivwochenende wurde gegen HSV II mit 2:12 ver-loren (Vo\u00df 2) und in Schenefeld gab es eine 0:1 Niederlage. Lediglich das Spiel gegen Borussia Rendsburg wurde mit 3:1 gewonnen (Vo\u00df, Rupp, Kr\u00fcger). Mit dem letzten Aufgebot trennte man sich von Holstein Pahlen mit 1:1 (Rupp). Nach den Ergebnissen ist also noch Luft nach oben, aber wenn wir die Pokalspiele als Grundlage nehmen, war alles topp. Leider muss Trainer Duchow einige Hiobsbotschaften verdauen. Niklas Weyand, Niels Ole Rimkus, Florian Arps und Florian Vollert verletzten sich in der Vorbe-reitung und fallen erstmal aus. Jan Niklas Rimkus kann aufgrund von H\u00fcft-problemen bis auf weiteres nicht an Fu\u00dfball denken. Am Schlimmsten erwischte es allerdings Torj\u00e4ger Thomas Wiedemann, der einen\u00a0 Band-scheibenvorfall hat und bereits im Heider Klinikum erfolgreich operiert wurde. Inwieweit Thommy wieder spielen kann, bleibt abzuwarten. Somit muss die Mannschaft mit diesem herben Verlust jetzt leben und das wird schwer, denn Thomas ist nicht zu ersetzen. Wir w\u00fcnschen allen verletzten\/erkrankten Spielern eine schnelle Genesung.<\/p>\n\n\n\n<p>Neuzug\u00e4nge: Andreas Todt, MTV Tellingstedt, Thomas Wiedemann, SV\nHochdonn, Mats Peter Volkers A-Jugend TSV Nordhastedt, Kai Adria f\u00e4ngt wieder\nan<\/p>\n\n\n\n<p>Abg\u00e4nge: Lars Reiher, Trainer SG Eider, Marcel Kr\u00fcger, unbekannt, Dennis\nK\u00fchl, Marcel Magg, Philipp Adria alle aufgeh\u00f6rt, wobei Flipper sicherlich in\nder Not aushelfen wird.<\/p>\n\n\n\n<p>Der Kader: Andreas Todt, Jan Wohlers \u2013 Florian Arps, Kai Adria, Kristof\nBoie, Tjark Dethmann, Jannik Eismann, Cedric G\u00f6ttsche, Nils Konnowski, Klemmens\nKr\u00fcger, Patrick K\u00fchl, Lasse Peters, J.N. u. N.O. Rimkus, Alex Rupp, Mats\nVolkers, Florian Vollert, J\u00fcrgen Vo\u00df, Eric u. Niklas Weyand, Thomas Wiedemann,\nKarsten Wittek Saisonziel: oberes Drittel<\/p>\n\n\n\n<p>Co-Trainer: Stephan Hoffmann, Betreuer: Bj\u00f6rn Husen<\/p>\n\n\n\n<p>Die Zweite bildet weiterhin eine SG mit dem MTV Tellingstedt. Niels\nSchomacker fungiert als Spielertrainer und peilt den 6. Tabellenplatz an. Auch\nhier verlief die Vorbereitung zufriedenstellend und das einzige Testspiel gegen\nden TSV N\u00fcbbel II ging nach 0:3 R\u00fcckstand 3:3 aus (Tore: Kristof Boie, Lars\nWandmaker 2)<\/p>\n\n\n\n<p>Neuzug\u00e4nge: Jonas Dargel, Albersdorf, Daniel Sander, Fynn Richters,\nA-Jugend Kickers Eider, Christian J\u00f6rgens f\u00e4ngt wieder an:<\/p>\n\n\n\n<p>Der Kader: Jann Jacobs, Niels Schomacker \u2013 Michael B\u00f6hm,Jonas Dargel, Michael Eggers, Daniel Erdmann, Mirko Frahm, Stephan Hoffmann, Tim Jacobs, Christian J\u00f6rgens, Marek Kudla, Kevin L\u00fchr, Marvin Mein, Torge Pfingst, Finn u. Vincent Richters, Daniel Sander, Siomon Schrader, Lars Schubert, Florian u. Harald Sievers, Danny Singh, Francesco St\u00fcrzebecher, Kevin u. Torben Tessmann, Ralf Trede, Lars Wandmaker<\/p>\n\n\n\n<p>Rolf Kruse<\/p>\n\n\n\n<ul class=\"wp-block-list\"><li><\/li><\/ul>\n","protected":false},"excerpt":{"rendered":"<p>Am letzten Juni Wochenende startete Trainer Marc Duchow mit seinen Jungs in die Vorbereitung. Insgesamt war Marc sehr zufrieden mit seinen Spielern, denn bis auf wenige Ausnahmen waren sie mit vollem Eifer dabei. Besonders hat ihm das Intensivwochenende mit 7 Einheiten gefallen, wo alle voll mitzogen. Ein besonderer Dank geht hier an die Tennissparte von &hellip; <a href=\"https:\/\/www.fco68.de\/?p=2287\" class=\"more-link\"><span class=\"screen-reader-text\">\u201eDie Vorbereitung\u201c <\/span>weiterlesen<\/a><\/p>\n","protected":false},"author":2,"featured_media":0,"comment_status":"closed","ping_status":"closed","sticky":false,"template":"","format":"standard","meta":{"footnotes":""},"categories":[1],"tags":[],"class_list":["post-2287","post","type-post","status-publish","format-standard","hentry","category-uncategorized"],"_links":{"self":[{"href":"https:\/\/www.fco68.de\/index.php?rest_route=\/wp\/v2\/posts\/2287","targetHints":{"allow":["GET"]}}],"collection":[{"href":"https:\/\/www.fco68.de\/index.php?rest_route=\/wp\/v2\/posts"}],"about":[{"href":"https:\/\/www.fco68.de\/index.php?rest_route=\/wp\/v2\/types\/post"}],"author":[{"embeddable":true,"href":"https:\/\/www.fco68.de\/index.php?rest_route=\/wp\/v2\/users\/2"}],"replies":[{"embeddable":true,"href":"https:\/\/www.fco68.de\/index.php?rest_route=%2Fwp%2Fv2%2Fcomments&post=2287"}],"version-history":[{"count":1,"href":"https:\/\/www.fco68.de\/index.php?rest_route=\/wp\/v2\/posts\/2287\/revisions"}],"predecessor-version":[{"id":2288,"href":"https:\/\/www.fco68.de\/index.php?rest_route=\/wp\/v2\/posts\/2287\/revisions\/2288"}],"wp:attachment":[{"href":"https:\/\/www.fco68.de\/index.php?rest_route=%2Fwp%2Fv2%2Fmedia&parent=2287"}],"wp:term":[{"taxonomy":"category","embeddable":true,"href":"https:\/\/www.fco68.de\/index.php?rest_route=%2Fwp%2Fv2%2Fcategories&post=2287"},{"taxonomy":"post_tag","embeddable":true,"href":"https:\/\/www.fco68.de\/index.php?rest_route=%2Fwp%2Fv2%2Ftags&post=2287"}],"curies":[{"name":"wp","href":"https:\/\/api.w.org\/{rel}","templated":true}]}}