{"id":2285,"date":"2019-08-10T13:25:22","date_gmt":"2019-08-10T13:25:22","guid":{"rendered":"http:\/\/fco68.de\/?p=2285"},"modified":"2019-08-10T13:25:22","modified_gmt":"2019-08-10T13:25:22","slug":"der-kreispokal-saison-2019-20","status":"publish","type":"post","link":"https:\/\/www.fco68.de\/?p=2285","title":{"rendered":"Der Kreispokal Saison 2019\/20"},"content":{"rendered":"\n<ul class=\"wp-block-list\"><li><\/li><\/ul>\n\n\n\n<p><\/p>\n\n\n\n<p>Es ist kaum zu glauben, aber in den letzten vier Jahren wurden wir in der 1. Hauptrunde dreimal dem SV Epenw\u00f6hrden zugelost. Wie in den Jahren zu-vor wurde es auch diesmal eine z\u00e4he Angelegenheit. Am Ende kamen wir zwar immer eine Runde weiter ohne gro\u00dfartig zu gl\u00e4nzen. Trotz \u00fcberlegt gef\u00fchrtem Spiel wollte kein Tor fallen, aber kurz vor dem Pausentee war es <strong>J\u00fcrgen Vo\u00df<\/strong>, der seine Farben mit einem abgef\u00e4lschten Schuss in F\u00fchrung brachte (43.). In der 2. Hz wurden die Gastgeber mutiger und nach zwei Kontern vergaben sowohl Peters (60.), als auch Christen (70.) den Aus-gleich. Den 2:0 Endstand besorgte <strong>Philipp Adria<\/strong> nach feiner Einzelleistung aus 18m (86.)<\/p>\n\n\n\n<p>In der zweiten Runde hatten wir den Kreisligisten, SSV Lunden, zu Gast und schickten den Klassen h\u00f6heren mit einer 1:3 Niederlage auf die Heimreise. In der ersten Halbzeit entwickelte sich ein munteres Spiel und das lag auch an unserer sattelfesten Abwehr um die Innenverteidiger Peters und P. Adria. Hinzu kam die fr\u00fche F\u00fchrung durch R\u00fcckkehrer <strong>Thomas Wiedemann<\/strong>, der eine Kopfballverl\u00e4ngerung von Vo\u00df aufnahm und Keeper Kr\u00e4mer mit einem platzierten Schuss keine Chance gab (16.). Das die G\u00e4ste in Min 20 zum Aus-gleich kam, lag auch an dem indisponiertem Schiedsrichtergespann, denn <strong>Schr\u00f6der <\/strong>erzielte das Tor aus klarer Abseitsposition. In Hz 2 wollten die G\u00e4ste uns \u00fcberrennen, aber unsere Defensive stand richtig gut, lediglich bei einem Schuss von Ehlers musste sich unser neuer Torwart, Andreas Todt, m\u00e4chtig strecken (59.). Wir konnten uns langsam aus der Umklammerung l\u00f6sen und pl\u00f6tzlich lag der Ball im Netz. Nach einer Ecke von Kai Adria stand <strong>Klemens Kr\u00fcger<\/strong> am kurzen Pfosten v\u00f6llig blank und k\u00f6pfte !! zur erneuten F\u00fchrung ein (70.). Fortan verloren die G\u00e4ste v\u00f6llig den Faden und nach sch\u00f6nem Zusammenspiel mit Vo\u00df erh\u00f6hte <strong>Thomas Wiedemann<\/strong> auf 3:1 (79.). Am Ende h\u00e4tten Wiedemann und Mats Peter Volkers den SSV abschie-\u00dfen k\u00f6nnen, aber das w\u00e4re dem Guten auch zu viel gewesen.<\/p>\n\n\n\n<p>-Beim Aufsteiger in die Kreisklasse A, TSV Breitenberg, machten wir in Runde drei schon in der ersten Halbzeit alles klar. Nachdem <strong>Thomas<\/strong> <strong>Wie-demann<\/strong> den FC O in Min 17 in F\u00fchrung schoss, war es <strong>Lasse<\/strong> <strong>Peters<\/strong>, der zwei Eckb\u00e4lle von Kai Adria per Kopf im Tor unterbrachte (27.+42.). In Halbzeit 2 wurde der Vorsprung verwaltet, auch wenn <strong>Diedrichsen<\/strong> noch den Ehren-treffer erzielte (68.). Das es keine weiteren Gegentreffer gab, lag auch an der Aufmerksamkeit von Keeper Jan Wohlers.<\/p>\n\n\n\n<p>Viertelfinale und der FC O war dabei. Gegen den Verbandsligisten, VfL Kellinghusen, zeigte unser Team ein ganz starkes Spiel und ging als unver-dienter Verlierer vom Platz. Zun\u00e4chst gingen die favorisierten G\u00e4ste durch <strong>Ladendorf<\/strong> in F\u00fchrung (15.), aber wir versteckten uns nicht und nach sch\u00f6-ner Vorarbeit von Wiedemann traf <strong>Philipp Adria<\/strong> zum Ausgleich (20.). Nach einem Stellungsfehler in der Abwehr traf <strong>Simonsen<\/strong> zur erneuten F\u00fchrung (27.). Diese h\u00e4tte Ladendorf ausbauen k\u00f6nnen, aber er scheiterte an unse-rem Keeper, Guido Thede, der heute ran musste und seine Sache gut mach-te, weil 4 Torwarte nicht zur Verf\u00fcgung standen. Vor dem Seitenwechsel hatten wir noch 3 gute Konterm\u00f6glichkeiten, aber weder Nils Konnowski, noch zweimal Thomas Wiedemann brachten das Leder im Tor unter. Nach dem Seitenwechsel spielte eigentlich nur noch der FC O und folgerichtig fiel nach einem genialen Pass von Kai Adria der Ausgleich. <strong>Thomas Wiedemann<\/strong> nahm diesen auf, umkurvte seinen Gegenspieler und lie\u00df Keeper Mahrt kei-ne Chance (64.). Thomas kam fortan noch zweimal in Schussposition, aber zu \u00fcberhastet schloss er ab und die Chancen waren dahin. Ebenso verga\u00df Nils Konnowski nach sch\u00f6nem Solo das Abspiel und wurde im letzten Mo-ment hart, aber fair vom Ball getrennt. Daf\u00fcr setzte Thomas Philipp Adria gut in Szene, doch frei vor dem Tor schoss Flipper den Torwart an und im Gegenzug bekamen wir den Fangschuss (84). Simonsen wurde an der Tor-auslinie nicht bedr\u00e4ngt und nach gef\u00fchlten 10 Sekunden passte er vors Tor und <strong>Ladendorf<\/strong> traf zum 3:2 Endstand. Somit schied die bessere Mannschaft aus, aber wir haben uns trotzdem sehr gut verkauft.  Rolf Kruse<\/p>\n\n\n\n<ul class=\"wp-block-list\"><li><\/li><\/ul>\n","protected":false},"excerpt":{"rendered":"<p>Es ist kaum zu glauben, aber in den letzten vier Jahren wurden wir in der 1. Hauptrunde dreimal dem SV Epenw\u00f6hrden zugelost. Wie in den Jahren zu-vor wurde es auch diesmal eine z\u00e4he Angelegenheit. Am Ende kamen wir zwar immer eine Runde weiter ohne gro\u00dfartig zu gl\u00e4nzen. Trotz \u00fcberlegt gef\u00fchrtem Spiel wollte kein Tor fallen, &hellip; <a href=\"https:\/\/www.fco68.de\/?p=2285\" class=\"more-link\"><span class=\"screen-reader-text\">\u201eDer Kreispokal Saison 2019\/20\u201c <\/span>weiterlesen<\/a><\/p>\n","protected":false},"author":2,"featured_media":0,"comment_status":"closed","ping_status":"closed","sticky":false,"template":"","format":"standard","meta":{"footnotes":""},"categories":[1],"tags":[],"class_list":["post-2285","post","type-post","status-publish","format-standard","hentry","category-uncategorized"],"_links":{"self":[{"href":"https:\/\/www.fco68.de\/index.php?rest_route=\/wp\/v2\/posts\/2285","targetHints":{"allow":["GET"]}}],"collection":[{"href":"https:\/\/www.fco68.de\/index.php?rest_route=\/wp\/v2\/posts"}],"about":[{"href":"https:\/\/www.fco68.de\/index.php?rest_route=\/wp\/v2\/types\/post"}],"author":[{"embeddable":true,"href":"https:\/\/www.fco68.de\/index.php?rest_route=\/wp\/v2\/users\/2"}],"replies":[{"embeddable":true,"href":"https:\/\/www.fco68.de\/index.php?rest_route=%2Fwp%2Fv2%2Fcomments&post=2285"}],"version-history":[{"count":1,"href":"https:\/\/www.fco68.de\/index.php?rest_route=\/wp\/v2\/posts\/2285\/revisions"}],"predecessor-version":[{"id":2286,"href":"https:\/\/www.fco68.de\/index.php?rest_route=\/wp\/v2\/posts\/2285\/revisions\/2286"}],"wp:attachment":[{"href":"https:\/\/www.fco68.de\/index.php?rest_route=%2Fwp%2Fv2%2Fmedia&parent=2285"}],"wp:term":[{"taxonomy":"category","embeddable":true,"href":"https:\/\/www.fco68.de\/index.php?rest_route=%2Fwp%2Fv2%2Fcategories&post=2285"},{"taxonomy":"post_tag","embeddable":true,"href":"https:\/\/www.fco68.de\/index.php?rest_route=%2Fwp%2Fv2%2Ftags&post=2285"}],"curies":[{"name":"wp","href":"https:\/\/api.w.org\/{rel}","templated":true}]}}